{"id":4644,"date":"2025-11-25T10:15:52","date_gmt":"2025-11-25T09:15:52","guid":{"rendered":"https:\/\/www.soligatto.it\/?p=4644"},"modified":"2025-11-26T22:46:04","modified_gmt":"2025-11-26T21:46:04","slug":"seconda-fascia-20252026","status":"publish","type":"post","link":"https:\/\/www.soligatto.it\/index.php\/2025\/11\/25\/seconda-fascia-20252026\/","title":{"rendered":"Seconda Fascia 2025\\2026"},"content":{"rendered":"\n<div style=\"height:15px\" aria-hidden=\"true\" class=\"wp-block-spacer\"><\/div>\n\n\n\n<h2 class=\"wp-block-heading\">Libri in concorso<\/h2>\n\n\n\n<div class=\"wp-block-columns alignwide is-layout-flex wp-container-core-columns-is-layout-9d6595d7 wp-block-columns-is-layout-flex\">\n<div class=\"wp-block-column is-layout-flow wp-block-column-is-layout-flow\"><div class=\"wp-block-image\">\n<figure class=\"aligncenter size-full is-resized\"><img loading=\"lazy\" decoding=\"async\" width=\"475\" height=\"600\" src=\"https:\/\/www.soligatto.it\/wp-content\/uploads\/2025\/10\/alberi-di-parole.jpg\" alt=\"\" class=\"wp-image-4639\" style=\"width:245px;height:auto\" srcset=\"https:\/\/www.soligatto.it\/wp-content\/uploads\/2025\/10\/alberi-di-parole.jpg 475w, https:\/\/www.soligatto.it\/wp-content\/uploads\/2025\/10\/alberi-di-parole-238x300.jpg 238w\" sizes=\"auto, (max-width: 475px) 100vw, 475px\" \/><\/figure>\n<\/div>\n\n\n<p class=\"has-text-align-center\"><strong>ALBERI DI PAROLE<br><\/strong>Pino Pace, Alessandra Racca, Gianni Puri<strong><br><\/strong><em>Giralangolo<\/em><\/p>\n<\/div>\n\n\n\n<div class=\"wp-block-column is-layout-flow wp-block-column-is-layout-flow\"><div class=\"wp-block-image\">\n<figure class=\"aligncenter size-full is-resized\"><img loading=\"lazy\" decoding=\"async\" width=\"517\" height=\"600\" src=\"https:\/\/www.soligatto.it\/wp-content\/uploads\/2025\/10\/grigio.jpg\" alt=\"\" class=\"wp-image-4640\" style=\"width:270px;height:auto\" srcset=\"https:\/\/www.soligatto.it\/wp-content\/uploads\/2025\/10\/grigio.jpg 517w, https:\/\/www.soligatto.it\/wp-content\/uploads\/2025\/10\/grigio-259x300.jpg 259w\" sizes=\"auto, (max-width: 517px) 100vw, 517px\" \/><\/figure>\n<\/div>\n\n\n<p class=\"has-text-align-center\"><strong>GRIGIO<\/strong><br>Laura Dockrill, Lauren Child <br><em>Il Castoro<\/em><\/p>\n<\/div>\n\n\n\n<div class=\"wp-block-column is-vertically-aligned-center is-layout-flow wp-block-column-is-layout-flow\"><div class=\"wp-block-image\">\n<figure class=\"aligncenter size-full is-resized\"><img loading=\"lazy\" decoding=\"async\" width=\"600\" height=\"884\" src=\"https:\/\/www.soligatto.it\/wp-content\/uploads\/2025\/10\/muri.jpg\" alt=\"\" class=\"wp-image-4641\" style=\"width:212px;height:auto\" srcset=\"https:\/\/www.soligatto.it\/wp-content\/uploads\/2025\/10\/muri.jpg 600w, https:\/\/www.soligatto.it\/wp-content\/uploads\/2025\/10\/muri-204x300.jpg 204w\" sizes=\"auto, (max-width: 600px) 100vw, 600px\" \/><\/figure>\n<\/div>\n\n\n<p class=\"has-text-align-center\"><strong>MURI<\/strong><br>Fr\u00e9d\u00e9ric Maupom\u00e9, St\u00e9phane S\u00e9n\u00e9gas <br><em>Nomos<\/em><\/p>\n<\/div>\n\n\n\n<div class=\"wp-block-column is-layout-flow wp-block-column-is-layout-flow\"><div class=\"wp-block-image\">\n<figure class=\"aligncenter size-full is-resized\"><img loading=\"lazy\" decoding=\"async\" width=\"737\" height=\"1024\" src=\"https:\/\/www.soligatto.it\/wp-content\/uploads\/2025\/10\/qualcuno-da-qualche-parte.webp\" alt=\"\" class=\"wp-image-4642\" style=\"width:223px;height:auto\" srcset=\"https:\/\/www.soligatto.it\/wp-content\/uploads\/2025\/10\/qualcuno-da-qualche-parte.webp 737w, https:\/\/www.soligatto.it\/wp-content\/uploads\/2025\/10\/qualcuno-da-qualche-parte-216x300.webp 216w\" sizes=\"auto, (max-width: 737px) 100vw, 737px\" \/><\/figure>\n<\/div>\n\n\n<p class=\"has-text-align-center\"><strong>QUALCUNO DA QUALCHE PARTE<\/strong><br>Tony Durand <br><em>Altreconomia<\/em><\/p>\n<\/div>\n<\/div>\n\n\n\n<h2 class=\"wp-block-heading\"><\/h2>\n\n\n\n<p><\/p>\n\n\n\n<p><\/p>\n","protected":false},"excerpt":{"rendered":"<p>Libri in concorso ALBERI DI PAROLEPino Pace, Alessandra Racca, Gianni PuriGiralangolo GRIGIOLaura Dockrill, Lauren Child Il Castoro MURIFr\u00e9d\u00e9ric Maupom\u00e9, St\u00e9phane S\u00e9n\u00e9gas Nomos QUALCUNO DA QUALCHE PARTETony Durand Altreconomia<\/p>\n","protected":false},"author":28,"featured_media":0,"comment_status":"closed","ping_status":"closed","sticky":false,"template":"","format":"standard","meta":{"footnotes":""},"categories":[49],"tags":[],"class_list":["post-4644","post","type-post","status-publish","format-standard","hentry","category-anno-in-corso"],"yoast_head":"<!-- This site is optimized with the Yoast SEO plugin v27.1.1 - https:\/\/yoast.com\/product\/yoast-seo-wordpress\/ -->\n<title>Seconda Fascia 2025\\2026 - SOLIGATTO<\/title>\n<meta name=\"robots\" content=\"index, follow, max-snippet:-1, max-image-preview:large, max-video-preview:-1\" \/>\n<link rel=\"canonical\" href=\"https:\/\/www.soligatto.it\/index.php\/2025\/11\/25\/seconda-fascia-20252026\/\" \/>\n<meta property=\"og:locale\" content=\"it_IT\" \/>\n<meta property=\"og:type\" content=\"article\" \/>\n<meta property=\"og:title\" content=\"Seconda Fascia 2025\\2026 - SOLIGATTO\" \/>\n<meta property=\"og:description\" content=\"Libri in concorso ALBERI DI PAROLEPino Pace, Alessandra Racca, Gianni PuriGiralangolo GRIGIOLaura Dockrill, Lauren Child Il Castoro MURIFr\u00e9d\u00e9ric Maupom\u00e9, St\u00e9phane S\u00e9n\u00e9gas Nomos QUALCUNO DA QUALCHE PARTETony Durand Altreconomia\" \/>\n<meta property=\"og:url\" content=\"https:\/\/www.soligatto.it\/index.php\/2025\/11\/25\/seconda-fascia-20252026\/\" \/>\n<meta property=\"og:site_name\" content=\"SOLIGATTO\" \/>\n<meta property=\"article:publisher\" content=\"https:\/\/it-it.facebook.com\/Soligatto\/\" \/>\n<meta property=\"article:published_time\" content=\"2025-11-25T09:15:52+00:00\" \/>\n<meta property=\"article:modified_time\" content=\"2025-11-26T21:46:04+00:00\" \/>\n<meta property=\"og:image\" content=\"https:\/\/www.soligatto.it\/wp-content\/uploads\/2025\/10\/alberi-di-parole.jpg\" \/>\n<meta name=\"author\" content=\"Redazione\" \/>\n<meta name=\"twitter:card\" content=\"summary_large_image\" \/>\n<meta name=\"twitter:label1\" content=\"Scritto da\" \/>\n\t<meta name=\"twitter:data1\" content=\"Redazione\" \/>\n\t<meta name=\"twitter:label2\" content=\"Tempo di lettura stimato\" \/>\n\t<meta name=\"twitter:data2\" content=\"1 minuto\" \/>\n<script type=\"application\/ld+json\" class=\"yoast-schema-graph\">{\"@context\":\"https:\/\/schema.org\",\"@graph\":[{\"@type\":\"Article\",\"@id\":\"https:\/\/www.soligatto.it\/index.php\/2025\/11\/25\/seconda-fascia-20252026\/#article\",\"isPartOf\":{\"@id\":\"https:\/\/www.soligatto.it\/index.php\/2025\/11\/25\/seconda-fascia-20252026\/\"},\"author\":{\"name\":\"Redazione\",\"@id\":\"https:\/\/www.soligatto.it\/#\/schema\/person\/302b3beb71bbeac784a26d6f3d3406fc\"},\"headline\":\"Seconda Fascia 2025\\\\2026\",\"datePublished\":\"2025-11-25T09:15:52+00:00\",\"dateModified\":\"2025-11-26T21:46:04+00:00\",\"mainEntityOfPage\":{\"@id\":\"https:\/\/www.soligatto.it\/index.php\/2025\/11\/25\/seconda-fascia-20252026\/\"},\"wordCount\":40,\"publisher\":{\"@id\":\"https:\/\/www.soligatto.it\/#organization\"},\"image\":{\"@id\":\"https:\/\/www.soligatto.it\/index.php\/2025\/11\/25\/seconda-fascia-20252026\/#primaryimage\"},\"thumbnailUrl\":\"https:\/\/www.soligatto.it\/wp-content\/uploads\/2025\/10\/alberi-di-parole.jpg\",\"articleSection\":[\"Libri dell'anno in corso\"],\"inLanguage\":\"it-IT\"},{\"@type\":\"WebPage\",\"@id\":\"https:\/\/www.soligatto.it\/index.php\/2025\/11\/25\/seconda-fascia-20252026\/\",\"url\":\"https:\/\/www.soligatto.it\/index.php\/2025\/11\/25\/seconda-fascia-20252026\/\",\"name\":\"Seconda Fascia 2025\\\\2026 - SOLIGATTO\",\"isPartOf\":{\"@id\":\"https:\/\/www.soligatto.it\/#website\"},\"primaryImageOfPage\":{\"@id\":\"https:\/\/www.soligatto.it\/index.php\/2025\/11\/25\/seconda-fascia-20252026\/#primaryimage\"},\"image\":{\"@id\":\"https:\/\/www.soligatto.it\/index.php\/2025\/11\/25\/seconda-fascia-20252026\/#primaryimage\"},\"thumbnailUrl\":\"https:\/\/www.soligatto.it\/wp-content\/uploads\/2025\/10\/alberi-di-parole.jpg\",\"datePublished\":\"2025-11-25T09:15:52+00:00\",\"dateModified\":\"2025-11-26T21:46:04+00:00\",\"breadcrumb\":{\"@id\":\"https:\/\/www.soligatto.it\/index.php\/2025\/11\/25\/seconda-fascia-20252026\/#breadcrumb\"},\"inLanguage\":\"it-IT\",\"potentialAction\":[{\"@type\":\"ReadAction\",\"target\":[\"https:\/\/www.soligatto.it\/index.php\/2025\/11\/25\/seconda-fascia-20252026\/\"]}]},{\"@type\":\"ImageObject\",\"inLanguage\":\"it-IT\",\"@id\":\"https:\/\/www.soligatto.it\/index.php\/2025\/11\/25\/seconda-fascia-20252026\/#primaryimage\",\"url\":\"https:\/\/www.soligatto.it\/wp-content\/uploads\/2025\/10\/alberi-di-parole.jpg\",\"contentUrl\":\"https:\/\/www.soligatto.it\/wp-content\/uploads\/2025\/10\/alberi-di-parole.jpg\",\"width\":475,\"height\":600},{\"@type\":\"BreadcrumbList\",\"@id\":\"https:\/\/www.soligatto.it\/index.php\/2025\/11\/25\/seconda-fascia-20252026\/#breadcrumb\",\"itemListElement\":[{\"@type\":\"ListItem\",\"position\":1,\"name\":\"Home\",\"item\":\"https:\/\/www.soligatto.it\/\"},{\"@type\":\"ListItem\",\"position\":2,\"name\":\"Seconda Fascia 2025\\\\2026\"}]},{\"@type\":\"WebSite\",\"@id\":\"https:\/\/www.soligatto.it\/#website\",\"url\":\"https:\/\/www.soligatto.it\/\",\"name\":\"SOLIGATTO\",\"description\":\"\",\"publisher\":{\"@id\":\"https:\/\/www.soligatto.it\/#organization\"},\"potentialAction\":[{\"@type\":\"SearchAction\",\"target\":{\"@type\":\"EntryPoint\",\"urlTemplate\":\"https:\/\/www.soligatto.it\/?s={search_term_string}\"},\"query-input\":{\"@type\":\"PropertyValueSpecification\",\"valueRequired\":true,\"valueName\":\"search_term_string\"}}],\"inLanguage\":\"it-IT\"},{\"@type\":\"Organization\",\"@id\":\"https:\/\/www.soligatto.it\/#organization\",\"name\":\"SOLIGATTO\",\"url\":\"https:\/\/www.soligatto.it\/\",\"logo\":{\"@type\":\"ImageObject\",\"inLanguage\":\"it-IT\",\"@id\":\"https:\/\/www.soligatto.it\/#\/schema\/logo\/image\/\",\"url\":\"https:\/\/www.soligatto.it\/wp-content\/uploads\/2024\/04\/soligatto-altan.png\",\"contentUrl\":\"https:\/\/www.soligatto.it\/wp-content\/uploads\/2024\/04\/soligatto-altan.png\",\"width\":1066,\"height\":748,\"caption\":\"SOLIGATTO\"},\"image\":{\"@id\":\"https:\/\/www.soligatto.it\/#\/schema\/logo\/image\/\"},\"sameAs\":[\"https:\/\/it-it.facebook.com\/Soligatto\/\",\"https:\/\/it-it.facebook.com\/ilsoligatto\/\"]},{\"@type\":\"Person\",\"@id\":\"https:\/\/www.soligatto.it\/#\/schema\/person\/302b3beb71bbeac784a26d6f3d3406fc\",\"name\":\"Redazione\",\"image\":{\"@type\":\"ImageObject\",\"inLanguage\":\"it-IT\",\"@id\":\"https:\/\/www.soligatto.it\/#\/schema\/person\/image\/\",\"url\":\"https:\/\/secure.gravatar.com\/avatar\/50c3d9494b0e2918f3f2fd310f28b6df7ad885723d51da4525fb65b386bf56d1?s=96&d=mm&r=g\",\"contentUrl\":\"https:\/\/secure.gravatar.com\/avatar\/50c3d9494b0e2918f3f2fd310f28b6df7ad885723d51da4525fb65b386bf56d1?s=96&d=mm&r=g\",\"caption\":\"Redazione\"},\"url\":\"https:\/\/www.soligatto.it\/index.php\/author\/redazione\/\"}]}<\/script>\n<!-- \/ Yoast SEO plugin. -->","yoast_head_json":{"title":"Seconda Fascia 2025\\2026 - SOLIGATTO","robots":{"index":"index","follow":"follow","max-snippet":"max-snippet:-1","max-image-preview":"max-image-preview:large","max-video-preview":"max-video-preview:-1"},"canonical":"https:\/\/www.soligatto.it\/index.php\/2025\/11\/25\/seconda-fascia-20252026\/","og_locale":"it_IT","og_type":"article","og_title":"Seconda Fascia 2025\\2026 - SOLIGATTO","og_description":"Libri in concorso ALBERI DI PAROLEPino Pace, Alessandra Racca, Gianni PuriGiralangolo GRIGIOLaura Dockrill, Lauren Child Il Castoro MURIFr\u00e9d\u00e9ric Maupom\u00e9, St\u00e9phane S\u00e9n\u00e9gas Nomos QUALCUNO DA QUALCHE PARTETony Durand Altreconomia","og_url":"https:\/\/www.soligatto.it\/index.php\/2025\/11\/25\/seconda-fascia-20252026\/","og_site_name":"SOLIGATTO","article_publisher":"https:\/\/it-it.facebook.com\/Soligatto\/","article_published_time":"2025-11-25T09:15:52+00:00","article_modified_time":"2025-11-26T21:46:04+00:00","og_image":[{"url":"https:\/\/www.soligatto.it\/wp-content\/uploads\/2025\/10\/alberi-di-parole.jpg","type":"","width":"","height":""}],"author":"Redazione","twitter_card":"summary_large_image","twitter_misc":{"Scritto da":"Redazione","Tempo di lettura stimato":"1 minuto"},"schema":{"@context":"https:\/\/schema.org","@graph":[{"@type":"Article","@id":"https:\/\/www.soligatto.it\/index.php\/2025\/11\/25\/seconda-fascia-20252026\/#article","isPartOf":{"@id":"https:\/\/www.soligatto.it\/index.php\/2025\/11\/25\/seconda-fascia-20252026\/"},"author":{"name":"Redazione","@id":"https:\/\/www.soligatto.it\/#\/schema\/person\/302b3beb71bbeac784a26d6f3d3406fc"},"headline":"Seconda Fascia 2025\\2026","datePublished":"2025-11-25T09:15:52+00:00","dateModified":"2025-11-26T21:46:04+00:00","mainEntityOfPage":{"@id":"https:\/\/www.soligatto.it\/index.php\/2025\/11\/25\/seconda-fascia-20252026\/"},"wordCount":40,"publisher":{"@id":"https:\/\/www.soligatto.it\/#organization"},"image":{"@id":"https:\/\/www.soligatto.it\/index.php\/2025\/11\/25\/seconda-fascia-20252026\/#primaryimage"},"thumbnailUrl":"https:\/\/www.soligatto.it\/wp-content\/uploads\/2025\/10\/alberi-di-parole.jpg","articleSection":["Libri dell'anno in corso"],"inLanguage":"it-IT"},{"@type":"WebPage","@id":"https:\/\/www.soligatto.it\/index.php\/2025\/11\/25\/seconda-fascia-20252026\/","url":"https:\/\/www.soligatto.it\/index.php\/2025\/11\/25\/seconda-fascia-20252026\/","name":"Seconda Fascia 2025\\2026 - SOLIGATTO","isPartOf":{"@id":"https:\/\/www.soligatto.it\/#website"},"primaryImageOfPage":{"@id":"https:\/\/www.soligatto.it\/index.php\/2025\/11\/25\/seconda-fascia-20252026\/#primaryimage"},"image":{"@id":"https:\/\/www.soligatto.it\/index.php\/2025\/11\/25\/seconda-fascia-20252026\/#primaryimage"},"thumbnailUrl":"https:\/\/www.soligatto.it\/wp-content\/uploads\/2025\/10\/alberi-di-parole.jpg","datePublished":"2025-11-25T09:15:52+00:00","dateModified":"2025-11-26T21:46:04+00:00","breadcrumb":{"@id":"https:\/\/www.soligatto.it\/index.php\/2025\/11\/25\/seconda-fascia-20252026\/#breadcrumb"},"inLanguage":"it-IT","potentialAction":[{"@type":"ReadAction","target":["https:\/\/www.soligatto.it\/index.php\/2025\/11\/25\/seconda-fascia-20252026\/"]}]},{"@type":"ImageObject","inLanguage":"it-IT","@id":"https:\/\/www.soligatto.it\/index.php\/2025\/11\/25\/seconda-fascia-20252026\/#primaryimage","url":"https:\/\/www.soligatto.it\/wp-content\/uploads\/2025\/10\/alberi-di-parole.jpg","contentUrl":"https:\/\/www.soligatto.it\/wp-content\/uploads\/2025\/10\/alberi-di-parole.jpg","width":475,"height":600},{"@type":"BreadcrumbList","@id":"https:\/\/www.soligatto.it\/index.php\/2025\/11\/25\/seconda-fascia-20252026\/#breadcrumb","itemListElement":[{"@type":"ListItem","position":1,"name":"Home","item":"https:\/\/www.soligatto.it\/"},{"@type":"ListItem","position":2,"name":"Seconda Fascia 2025\\2026"}]},{"@type":"WebSite","@id":"https:\/\/www.soligatto.it\/#website","url":"https:\/\/www.soligatto.it\/","name":"SOLIGATTO","description":"","publisher":{"@id":"https:\/\/www.soligatto.it\/#organization"},"potentialAction":[{"@type":"SearchAction","target":{"@type":"EntryPoint","urlTemplate":"https:\/\/www.soligatto.it\/?s={search_term_string}"},"query-input":{"@type":"PropertyValueSpecification","valueRequired":true,"valueName":"search_term_string"}}],"inLanguage":"it-IT"},{"@type":"Organization","@id":"https:\/\/www.soligatto.it\/#organization","name":"SOLIGATTO","url":"https:\/\/www.soligatto.it\/","logo":{"@type":"ImageObject","inLanguage":"it-IT","@id":"https:\/\/www.soligatto.it\/#\/schema\/logo\/image\/","url":"https:\/\/www.soligatto.it\/wp-content\/uploads\/2024\/04\/soligatto-altan.png","contentUrl":"https:\/\/www.soligatto.it\/wp-content\/uploads\/2024\/04\/soligatto-altan.png","width":1066,"height":748,"caption":"SOLIGATTO"},"image":{"@id":"https:\/\/www.soligatto.it\/#\/schema\/logo\/image\/"},"sameAs":["https:\/\/it-it.facebook.com\/Soligatto\/","https:\/\/it-it.facebook.com\/ilsoligatto\/"]},{"@type":"Person","@id":"https:\/\/www.soligatto.it\/#\/schema\/person\/302b3beb71bbeac784a26d6f3d3406fc","name":"Redazione","image":{"@type":"ImageObject","inLanguage":"it-IT","@id":"https:\/\/www.soligatto.it\/#\/schema\/person\/image\/","url":"https:\/\/secure.gravatar.com\/avatar\/50c3d9494b0e2918f3f2fd310f28b6df7ad885723d51da4525fb65b386bf56d1?s=96&d=mm&r=g","contentUrl":"https:\/\/secure.gravatar.com\/avatar\/50c3d9494b0e2918f3f2fd310f28b6df7ad885723d51da4525fb65b386bf56d1?s=96&d=mm&r=g","caption":"Redazione"},"url":"https:\/\/www.soligatto.it\/index.php\/author\/redazione\/"}]}},"_links":{"self":[{"href":"https:\/\/www.soligatto.it\/index.php\/wp-json\/wp\/v2\/posts\/4644","targetHints":{"allow":["GET"]}}],"collection":[{"href":"https:\/\/www.soligatto.it\/index.php\/wp-json\/wp\/v2\/posts"}],"about":[{"href":"https:\/\/www.soligatto.it\/index.php\/wp-json\/wp\/v2\/types\/post"}],"author":[{"embeddable":true,"href":"https:\/\/www.soligatto.it\/index.php\/wp-json\/wp\/v2\/users\/28"}],"replies":[{"embeddable":true,"href":"https:\/\/www.soligatto.it\/index.php\/wp-json\/wp\/v2\/comments?post=4644"}],"version-history":[{"count":9,"href":"https:\/\/www.soligatto.it\/index.php\/wp-json\/wp\/v2\/posts\/4644\/revisions"}],"predecessor-version":[{"id":4776,"href":"https:\/\/www.soligatto.it\/index.php\/wp-json\/wp\/v2\/posts\/4644\/revisions\/4776"}],"wp:attachment":[{"href":"https:\/\/www.soligatto.it\/index.php\/wp-json\/wp\/v2\/media?parent=4644"}],"wp:term":[{"taxonomy":"category","embeddable":true,"href":"https:\/\/www.soligatto.it\/index.php\/wp-json\/wp\/v2\/categories?post=4644"},{"taxonomy":"post_tag","embeddable":true,"href":"https:\/\/www.soligatto.it\/index.php\/wp-json\/wp\/v2\/tags?post=4644"}],"curies":[{"name":"wp","href":"https:\/\/api.w.org\/{rel}","templated":true}]}}